{"id":78,"date":"2023-07-04T17:22:24","date_gmt":"2023-07-04T15:22:24","guid":{"rendered":"https:\/\/www.ecolesprivees.com\/blog\/?p=78"},"modified":"2023-07-04T17:25:54","modified_gmt":"2023-07-04T15:25:54","slug":"bac-2023-les-resultats-sont-la","status":"publish","type":"post","link":"https:\/\/www.ecolesprivees.com\/blog\/bac-2023-les-resultats-sont-la\/78\/","title":{"rendered":"Bac 2023\u00a0: les r\u00e9sultats sont l\u00e0\u00a0!"},"content":{"rendered":"\n<p><strong>Le Minist\u00e8re de l\u2019\u00c9ducation Nationale a publi\u00e9 les <a href=\"https:\/\/cyclades.education.gouv.fr\/candidat\/publication\/accueil\" target=\"_blank\" rel=\"noreferrer noopener\">r\u00e9sultats du bac 2023<\/a> ce mardi 4 juillet.<\/strong><\/p>\n\n\n\n<p>C\u2019est la fin du suspense\u00a0et le d\u00e9but des vacances\u00a0! Les <strong>r\u00e9sultats du baccalaur\u00e9at ont \u00e9t\u00e9 publi\u00e9s<\/strong> ce matin. Les 720\u00a0000 \u00e9l\u00e8ves de Terminale et 550\u00a0000 \u00e9l\u00e8ves de Premi\u00e8re des voies g\u00e9n\u00e9rale, technologique et professionnelle connaissent d\u00e9sormais leur sort.<\/p>\n\n\n\n<h2 class=\"wp-block-heading\">Taux de r\u00e9ussite en baisse<\/h2>\n\n\n\n<p>Les premi\u00e8res estimations laissent penser que les candidats de 2023 <strong>s\u2019en sont moins bien sortis<\/strong> que leurs pr\u00e9d\u00e9cesseurs. Avec 84,9% d\u2019admis avant les rattrapages toutes voies confondues, le score est plus bas que celui de 2022 (86,1% d\u2019admis \u00e0 la m\u00eame \u00e9poque). Si 91 % des candidats de <a rel=\"noreferrer noopener\" href=\"https:\/\/www.education.gouv.fr\/reussir-au-lycee\/le-baccalaureat-general-10457\" target=\"_blank\">la voie g\u00e9n\u00e9rale<\/a> sont admis avant rattrapage, les <a rel=\"noreferrer noopener\" href=\"https:\/\/www.education.gouv.fr\/reussir-au-lycee\/la-voie-technologique-au-lycee-7574\" target=\"_blank\">s\u00e9ries technologique<\/a> et <a rel=\"noreferrer noopener\" href=\"https:\/\/www.education.gouv.fr\/reussir-au-lycee\/la-voie-professionnelle-au-lycee-12101\" target=\"_blank\">professionnelle<\/a> s\u2019en sortent nettement moins bien avec un taux de r\u00e9ussite de 78% avant les rattrapages.<\/p>\n\n\n\n<h2 class=\"wp-block-heading\">Rattrapage, mode d\u2019emploi<\/h2>\n\n\n\n<p>Les \u00e9l\u00e8ves qui n\u2019ont pas \u00e9t\u00e9 admis aujourd\u2019hui et ont obtenu une note entre 8 et 10 de moyenne peuvent toutefois garder espoir, les<strong> \u00e9preuves de rattrapage<\/strong> vont d\u00e9sormais leur permettre d\u2019aller d\u00e9crocher le dipl\u00f4me tant convoit\u00e9. Pour cela, ils devront choisir deux mati\u00e8res qu\u2019ils passeront \u00e0 l\u2019oral entre mercredi 5 et vendredi 7 juillet. D\u2019une <strong>dur\u00e9e de 40 minutes<\/strong> pour chaque mati\u00e8re, les oraux de rattrapage verront les candidats r\u00e9pondre \u00e0 des questions sur un th\u00e8me choisi parmi deux possibles, et ainsi essayer de <strong>r\u00e9colter les points manquants<\/strong>.<\/p>\n\n\n\n<p>Les r\u00e9sultats d\u00e9finitifs seront publi\u00e9s <strong>au plus tard le 7 juillet 2023<\/strong>, date \u00e0 laquelle les <a rel=\"noreferrer noopener\" href=\"https:\/\/www.ecolesprivees.com\/liste\/3-lycees\" target=\"_blank\">lyc\u00e9es de France<\/a> fermeront leurs portes pour des vacances bien m\u00e9rit\u00e9es\u00a0!<\/p>\n","protected":false},"excerpt":{"rendered":"<p>Le Minist\u00e8re de l\u2019\u00c9ducation Nationale a publi\u00e9 les r\u00e9sultats du bac 2023 ce mardi 4 juillet.<\/p>\n","protected":false},"author":1,"featured_media":79,"comment_status":"open","ping_status":"open","sticky":false,"template":"","format":"standard","meta":[],"categories":[11],"tags":[],"_links":{"self":[{"href":"https:\/\/www.ecolesprivees.com\/blog\/wp-json\/wp\/v2\/posts\/78"}],"collection":[{"href":"https:\/\/www.ecolesprivees.com\/blog\/wp-json\/wp\/v2\/posts"}],"about":[{"href":"https:\/\/www.ecolesprivees.com\/blog\/wp-json\/wp\/v2\/types\/post"}],"author":[{"embeddable":true,"href":"https:\/\/www.ecolesprivees.com\/blog\/wp-json\/wp\/v2\/users\/1"}],"replies":[{"embeddable":true,"href":"https:\/\/www.ecolesprivees.com\/blog\/wp-json\/wp\/v2\/comments?post=78"}],"version-history":[{"count":4,"href":"https:\/\/www.ecolesprivees.com\/blog\/wp-json\/wp\/v2\/posts\/78\/revisions"}],"predecessor-version":[{"id":84,"href":"https:\/\/www.ecolesprivees.com\/blog\/wp-json\/wp\/v2\/posts\/78\/revisions\/84"}],"wp:featuredmedia":[{"embeddable":true,"href":"https:\/\/www.ecolesprivees.com\/blog\/wp-json\/wp\/v2\/media\/79"}],"wp:attachment":[{"href":"https:\/\/www.ecolesprivees.com\/blog\/wp-json\/wp\/v2\/media?parent=78"}],"wp:term":[{"taxonomy":"category","embeddable":true,"href":"https:\/\/www.ecolesprivees.com\/blog\/wp-json\/wp\/v2\/categories?post=78"},{"taxonomy":"post_tag","embeddable":true,"href":"https:\/\/www.ecolesprivees.com\/blog\/wp-json\/wp\/v2\/tags?post=78"}],"curies":[{"name":"wp","href":"https:\/\/api.w.org\/{rel}","templated":true}]}}